{"id":2864,"date":"2022-08-31T21:12:26","date_gmt":"2022-08-31T19:12:26","guid":{"rendered":"https:\/\/fussball.tsv-talheim.de\/?p=2864"},"modified":"2022-08-31T22:03:30","modified_gmt":"2022-08-31T20:03:30","slug":"tsv-talheim-abt-fussball-aktive-herren-tsv-talheim-fc-obersulm-52-gelungener-saisonstart","status":"publish","type":"post","link":"https:\/\/fussball.tsv-talheim.de\/?p=2864","title":{"rendered":"TSV Talheim Abt. Fu\u00dfball: Aktive Herren: 1. Spieltag: TSV Talheim \u2013 FC Obersulm 5:2: Gelungener Saisonstart:"},"content":{"rendered":"\n<p>Mit einer guten Leistung starten wir mit einem verdienten Heimsieg in die neue Spielzeit. Nur kurz mussten wir aufgrund zweier unn\u00f6tigen Gegentore zittern. Bei etwas mehr Gl\u00fcck im Abschluss w\u00e4re der Sieg noch deutlicher ausgefallen.<\/p>\n\n\n\n<p>Die fr\u00fche F\u00fchrung in der 8. Minute durch Riccardo Madaro spielte uns nat\u00fcrlich in die Karten. Nach einem Ballgewinn durch Florian Winzig auf der rechten Seite fand dieser in Riccardo Madaro einen optimalen Abnehmer. Auch im weiteren Verlauf der ersten Halbzeit zeigte unsere Elf ein ordentliches spielerisches Niveau, verpasste es aber die F\u00fchrung auszubauen. Obersulm versuchte mit langen B\u00e4llen das Mittelfeld zu \u00fcberbr\u00fccken. Diese B\u00e4lle stellte unsere Defensive aber nur selten vor gr\u00f6\u00dfere Herausforderungen. Mit der knappen 1:0 F\u00fchrung ging es in die Halbzeitpause.<\/p>\n\n\n\n<p>Im zweiten Durchgang erh\u00f6hte Riccardo Madaro nach einem zun\u00e4chst abgeblockten Schuss auf 2:0 (47. Minute). In der 52. Minute k\u00f6pfte Oliver Kreh nach einem Eckball zum 3:0 ein. Nun war unser Team auch spielerisch noch besser in der Partie und kombinierte sich sehenswert vors Obersulmer Tor. Auch in dieser Phase blieben gute Torchancen ungenutzt. Riccardo Madaro scheiterte bei einer Doppelchance zweimal am Aluminium. Auch ein weiterer Kopfball von Oliver Kreh landete nur an der Latte. Aus dem Nichts erzielte Obersulm in der 70. und 72. Minute zwei einfache Tore, die nochmals f\u00fcr Spannung sorgten. Die Hoffnung der G\u00e4ste war jedoch nur von kurzer Dauer, Eduard Lehmann sorgte mit dem 4:2 in der 74. Minute f\u00fcr die Vorentscheidung. Ein verwandelter Foulelfmeter von Riccardo Madaro in der 83. Minute besiegelte dann den 5:2 Heimerfolg.<\/p>\n\n\n\n<p>Fazit: Absolut verdienter Sieg unserer Mannschaft, die auch spielerisch gute L\u00f6sungen fand. Wir konnten im Laufe der Partie zahlreiche Gro\u00dfchancen herausspielen. Einziger Wehrmutstropfen bleiben die beiden Gegentore, die wir viel zu einfach bekommen haben. So etwas wird gegen Topteams erst recht bestraft.<\/p>\n\n\n\n<p>Ausblick: Am kommenden Sonntag, 28.08. sind wir zu Gast bei den Sportfreunden Neckarwestheim. Nach dem verpassten Aufstieg in der letzten Saison ist Neckarwestheim dieses Jahr der absolute Favorit. F\u00fcr uns gilt es in dieser Partie voll dagegen zu halten und eine konzentrierte Leistung abzurufen, dann ist auch in Neckarwestheim etwas m\u00f6glich. Wir m\u00fcssen nur mit der notwendigen Einstellung dorthin fahren. Spielbeginn ist wie gewohnt um 15.00 Uhr.<\/p>\n\n\n\n<p>Wir freuen uns auf Ihre Unterst\u00fctzung.<\/p>\n\n\n\n<p>Mit sportlichen Gr\u00fc\u00dfen,<\/p>\n\n\n\n<p>Oliver Kreh<\/p>\n","protected":false},"excerpt":{"rendered":"<p>Mit einer guten Leistung starten wir mit einem verdienten Heimsieg in die neue Spielzeit. Nur kurz mussten wir aufgrund zweier unn\u00f6tigen Gegentore zittern. Bei etwas mehr Gl\u00fcck im Abschluss w\u00e4re der Sieg noch deutlicher ausgefallen. Die fr\u00fche F\u00fchrung in der<\/p>\n","protected":false},"author":7,"featured_media":2862,"comment_status":"open","ping_status":"open","sticky":false,"template":"","format":"standard","meta":{"footnotes":""},"categories":[54],"tags":[],"class_list":["post-2864","post","type-post","status-publish","format-standard","has-post-thumbnail","hentry","category-spielbericht-herren"],"_links":{"self":[{"href":"https:\/\/fussball.tsv-talheim.de\/index.php?rest_route=\/wp\/v2\/posts\/2864","targetHints":{"allow":["GET"]}}],"collection":[{"href":"https:\/\/fussball.tsv-talheim.de\/index.php?rest_route=\/wp\/v2\/posts"}],"about":[{"href":"https:\/\/fussball.tsv-talheim.de\/index.php?rest_route=\/wp\/v2\/types\/post"}],"author":[{"embeddable":true,"href":"https:\/\/fussball.tsv-talheim.de\/index.php?rest_route=\/wp\/v2\/users\/7"}],"replies":[{"embeddable":true,"href":"https:\/\/fussball.tsv-talheim.de\/index.php?rest_route=%2Fwp%2Fv2%2Fcomments&post=2864"}],"version-history":[{"count":2,"href":"https:\/\/fussball.tsv-talheim.de\/index.php?rest_route=\/wp\/v2\/posts\/2864\/revisions"}],"predecessor-version":[{"id":2903,"href":"https:\/\/fussball.tsv-talheim.de\/index.php?rest_route=\/wp\/v2\/posts\/2864\/revisions\/2903"}],"wp:featuredmedia":[{"embeddable":true,"href":"https:\/\/fussball.tsv-talheim.de\/index.php?rest_route=\/wp\/v2\/media\/2862"}],"wp:attachment":[{"href":"https:\/\/fussball.tsv-talheim.de\/index.php?rest_route=%2Fwp%2Fv2%2Fmedia&parent=2864"}],"wp:term":[{"taxonomy":"category","embeddable":true,"href":"https:\/\/fussball.tsv-talheim.de\/index.php?rest_route=%2Fwp%2Fv2%2Fcategories&post=2864"},{"taxonomy":"post_tag","embeddable":true,"href":"https:\/\/fussball.tsv-talheim.de\/index.php?rest_route=%2Fwp%2Fv2%2Ftags&post=2864"}],"curies":[{"name":"wp","href":"https:\/\/api.w.org\/{rel}","templated":true}]}}