{"id":2814,"date":"2020-03-15T19:27:28","date_gmt":"2020-03-15T18:27:28","guid":{"rendered":"https:\/\/fussball.tsv-talheim.de\/?p=2814"},"modified":"2020-03-15T19:27:29","modified_gmt":"2020-03-15T18:27:29","slug":"aussetzung-des-spiel-und-trainingsbetriebs","status":"publish","type":"post","link":"https:\/\/fussball.tsv-talheim.de\/?p=2814","title":{"rendered":"Aussetzung des Spiel- und Trainingsbetriebs"},"content":{"rendered":"\n<p>Liebe Sportlerinnen und Sportler, liebe \u00dcbungsleiter des TSV, liebe Eltern,<\/p>\n<p>angesichts der dynamischen Lageentwicklung bei der Verbreitung des Corona-Virus haben die Verantwortlichen des W\u00fcrttembergischen Fu\u00dfballverbandes (wfv) entschieden, <b>den Spielbetrieb ab sofort bis einschlie\u00dflich 31. M\u00e4rz 2020 komplett auszusetzen<\/b> (Quelle: www.wuerttfv.de vom 12. M\u00e4rz 2020).<\/p>\n<p>Aufgrund des Beschluss des Kultusministeriums Baden-W\u00fcrttembergs auch die Schule ab Dienstag, den 17. M\u00e4rz 2020 zu schlie\u00dfen, hat nun auch die <strong>Vorstandschaft des TSV Talheim entschieden, \u00fcber den Spielbetrieb hinaus, auch den Trainingsbetrieb bis auf weiteres ruhen zu lassen. Dieser Beschluss gilt f\u00fcr alle Sportarten und Mannschaften innerhalb des TSV Talheim.<\/strong><\/p>\n<p>Bitte nehmen Sie dies zur Kenntnis. Gesundheit steht stets an erster Stelle! Deshalb wollen wir hier im Sinne aller entspechend handeln und hoffen auf Ihr Verst\u00e4ndnis.<\/p>\n<p>Vorstandschaft TSV Talheim &amp; Abteilungsleitung TSV Talheim (Benjamin Binnig \/ Oliver Kreh)<\/p>\n","protected":false},"excerpt":{"rendered":"<p>Liebe Sportlerinnen und Sportler, liebe \u00dcbungsleiter des TSV, liebe Eltern, angesichts der dynamischen Lageentwicklung bei der Verbreitung des Corona-Virus haben die Verantwortlichen des W\u00fcrttembergischen Fu\u00dfballverbandes (wfv) entschieden, den Spielbetrieb ab sofort bis einschlie\u00dflich 31. M\u00e4rz 2020 komplett auszusetzen (Quelle: www.wuerttfv.de<\/p>\n","protected":false},"author":7,"featured_media":2815,"comment_status":"open","ping_status":"open","sticky":false,"template":"","format":"standard","meta":{"footnotes":""},"categories":[36],"tags":[],"class_list":["post-2814","post","type-post","status-publish","format-standard","has-post-thumbnail","hentry","category-fussball"],"_links":{"self":[{"href":"https:\/\/fussball.tsv-talheim.de\/index.php?rest_route=\/wp\/v2\/posts\/2814","targetHints":{"allow":["GET"]}}],"collection":[{"href":"https:\/\/fussball.tsv-talheim.de\/index.php?rest_route=\/wp\/v2\/posts"}],"about":[{"href":"https:\/\/fussball.tsv-talheim.de\/index.php?rest_route=\/wp\/v2\/types\/post"}],"author":[{"embeddable":true,"href":"https:\/\/fussball.tsv-talheim.de\/index.php?rest_route=\/wp\/v2\/users\/7"}],"replies":[{"embeddable":true,"href":"https:\/\/fussball.tsv-talheim.de\/index.php?rest_route=%2Fwp%2Fv2%2Fcomments&post=2814"}],"version-history":[{"count":3,"href":"https:\/\/fussball.tsv-talheim.de\/index.php?rest_route=\/wp\/v2\/posts\/2814\/revisions"}],"predecessor-version":[{"id":2818,"href":"https:\/\/fussball.tsv-talheim.de\/index.php?rest_route=\/wp\/v2\/posts\/2814\/revisions\/2818"}],"wp:featuredmedia":[{"embeddable":true,"href":"https:\/\/fussball.tsv-talheim.de\/index.php?rest_route=\/wp\/v2\/media\/2815"}],"wp:attachment":[{"href":"https:\/\/fussball.tsv-talheim.de\/index.php?rest_route=%2Fwp%2Fv2%2Fmedia&parent=2814"}],"wp:term":[{"taxonomy":"category","embeddable":true,"href":"https:\/\/fussball.tsv-talheim.de\/index.php?rest_route=%2Fwp%2Fv2%2Fcategories&post=2814"},{"taxonomy":"post_tag","embeddable":true,"href":"https:\/\/fussball.tsv-talheim.de\/index.php?rest_route=%2Fwp%2Fv2%2Ftags&post=2814"}],"curies":[{"name":"wp","href":"https:\/\/api.w.org\/{rel}","templated":true}]}}