{"id":2810,"date":"2020-02-15T23:49:28","date_gmt":"2020-02-15T22:49:28","guid":{"rendered":"https:\/\/fussball.tsv-talheim.de\/?p=2810"},"modified":"2020-02-15T23:50:15","modified_gmt":"2020-02-15T22:50:15","slug":"herren12-aktuelle-spielberichte-aus-der-vorbereitung","status":"publish","type":"post","link":"https:\/\/fussball.tsv-talheim.de\/?p=2810","title":{"rendered":"Herren1+2: Aktuelle Spielberichte aus der Vorbereitung"},"content":{"rendered":"\n<p>Seit Ende Januar befinden wir uns mit unseren beiden aktiven Herrenmannschaften wieder in der Vorbereitung auf die R\u00fcckrunde. Offizieller R\u00fcckrundenstart wird dann am 01.03.2020 mit der Heimpartie gegen T\u00fcrkspor Neckarsulm II sein. Unsere zweite Mannschaft empf\u00e4ngt zum Start in die R\u00fcckrunde den TSV Lehrensteinsfeld (ebenfalls am 01.03.).<\/p>\n<p>Bevor es in die R\u00fcckrunde geht, standen bereits einige Vorbereitungsspiele gegen hochkar\u00e4tige Gegner an. Hier finden Sie die kurzen Spielberichte:<\/p>\n<p>Zun\u00e4chst spielten wir am Samstag, den 08.02. beim VfL Brackenheim. In der ersten Halbzeit waren wir noch spielerisch \u00fcberlegen, konnten sogar in F\u00fchrung gehen. Mit dem Halbzeitpfiff glich der Bezirksligist aus. Im zweiten Durchgang war Brackenheim besser im Spiel und nutzte immer wieder freie R\u00e4ume in der Defensive. So kippte das Spiel zu Gunsten der Heimelf. Am Ende trennten wir uns mit einer 3:5 Niederlage.<\/p>\n<p>Am Sonntag, 09.02. spielte unsere zweite Mannschaft bei der TG B\u00f6ckingen II. Lange Zeit konnte man das Spiel offen gestalten. Zum Ende hin merkte man einigen Spielern den Trainingsr\u00fcckstand an und man verlor mit 1:4.<\/p>\n<p>Besser machte es am Sonntagnachmittag daf\u00fcr unsere erste Mannschaft. Mit einer klasse Leistung vor allem in der ersten Halbzeit gegen den SC Ilsfeld f\u00fchrte man nach 45 Minuten mit 3:0. Die Tore erzielten 2x Julian Bertsch und einmal unser Winter-Neuzugang Konstantin Tolu. Im zweiten Durchgang kam Ilsfeld besser in die Partie und es entwickelte sich ein offenes Spiel. Kurz nach Wiederanpfiff erh\u00f6hte erneut Julian Bertsch auf 4:0. Ab Mitte der zweiten Halbzeit ging uns ein wenig die Luft aus und Ilsfeld konnte den Anschlusstreffer erzielen. Mit dem Schlusspfiff stellte Julian Bertsch mit seinem vierten Treffer den alten Abstand wieder her.<\/p>\n<p>Sicherlich war Ilsfeld an diesem Tag nicht vollst\u00e4ndig, der verdiente Sieg mit einer starken Mannschaftsleistung machte dennoch Mut f\u00fcr die kommenden Wochen.<\/p>\n<p>Am Freitagabend, 14.02. waren wir zu Gast bei den Aram\u00e4ern Heilbronn (Spielst\u00e4tte Frankenstadion). Zu Beginn der Partie merkte man uns den Respekt vor dem Bezirksliga-Ersten an. Erst nach rund 20 Minuten kamen wir besser in die Partie. Zu diesem Zeitpunkt f\u00fchrten die Aram\u00e4er bereits mit 1:0. Sie gingen nach einem durchaus fragw\u00fcrdigen Elfmeter in F\u00fchrung. Danach steigerten wir uns und erspielten uns ersten Torchancen. Mit einer sch\u00f6nen Kombination \u00fcber mehrere Stationen glichen wir dann aus. Mario Lutz erzielte den Treffer. Wenig sp\u00e4ter setzte sich Durim Leka gut durch und bewahrte die \u00dcbersicht als er auf den mitst\u00fcrmenden Julian Bertsch passte, der mit einem Schuss ins lange Eck die 2:1 F\u00fchrung erzielte.<\/p>\n<p>Im zweiten Durchgang waren wir von Beginn an wieder da und gestalteten die Partie offen. Nach gutem Pressing von Tizian Neutz bekamen wir tief in der gegnerischen H\u00e4lfte den Ball. Durim Leka flankte pr\u00e4zise in den Strafraum, wo Julian Bertsch stark per Kopf zum 3:1 einnetzte. Den Schlusspunkt zum starken 4:1 Sieg \u00fcber die Aram\u00e4er erzielte dann Durim Leka, der sich mit seinem Treffer f\u00fcr eine klasse Leistung belohnte.<\/p>\n<p>Fazit: Nach der nerv\u00f6sen Anfangsphase steigerten wir uns und belohnten uns \u00e4hnlich wie die Woche zuvor gegen den SC Ilsfeld. Auch diese Leistung macht Mut f\u00fcr die kommenden Herausforderungen.<\/p>\n<p>Nun steht diesen Mittwoch, 19.02. gegen den SV Schluchtern unser letztes Spiel an bevor es dann in die R\u00fcckrunde geht. Wir scheinen gut ger\u00fcstet zu sein. Auch was den Kader angeht. S\u00e4mtliche Spieler scheinen fit und motiviert zu sein. Unser Coach Jorc Abraham kann aus dem Vollen sch\u00f6pfen.<\/p>\n<p>Unterst\u00fctzen Sie uns gerne bei unseren Begegnungen.<\/p>\n<p>Mit sportlichen Gr\u00fc\u00dfen<\/p>\n<p>Oliver Kreh<\/p>\n","protected":false},"excerpt":{"rendered":"<p>Seit Ende Januar befinden wir uns mit unseren beiden aktiven Herrenmannschaften wieder in der Vorbereitung auf die R\u00fcckrunde. Offizieller R\u00fcckrundenstart wird dann am 01.03.2020 mit der Heimpartie gegen T\u00fcrkspor Neckarsulm II sein. Unsere zweite Mannschaft empf\u00e4ngt zum Start in die<\/p>\n","protected":false},"author":7,"featured_media":2753,"comment_status":"open","ping_status":"open","sticky":false,"template":"","format":"standard","meta":{"footnotes":""},"categories":[36],"tags":[],"class_list":["post-2810","post","type-post","status-publish","format-standard","has-post-thumbnail","hentry","category-fussball"],"_links":{"self":[{"href":"https:\/\/fussball.tsv-talheim.de\/index.php?rest_route=\/wp\/v2\/posts\/2810","targetHints":{"allow":["GET"]}}],"collection":[{"href":"https:\/\/fussball.tsv-talheim.de\/index.php?rest_route=\/wp\/v2\/posts"}],"about":[{"href":"https:\/\/fussball.tsv-talheim.de\/index.php?rest_route=\/wp\/v2\/types\/post"}],"author":[{"embeddable":true,"href":"https:\/\/fussball.tsv-talheim.de\/index.php?rest_route=\/wp\/v2\/users\/7"}],"replies":[{"embeddable":true,"href":"https:\/\/fussball.tsv-talheim.de\/index.php?rest_route=%2Fwp%2Fv2%2Fcomments&post=2810"}],"version-history":[{"count":1,"href":"https:\/\/fussball.tsv-talheim.de\/index.php?rest_route=\/wp\/v2\/posts\/2810\/revisions"}],"predecessor-version":[{"id":2811,"href":"https:\/\/fussball.tsv-talheim.de\/index.php?rest_route=\/wp\/v2\/posts\/2810\/revisions\/2811"}],"wp:featuredmedia":[{"embeddable":true,"href":"https:\/\/fussball.tsv-talheim.de\/index.php?rest_route=\/wp\/v2\/media\/2753"}],"wp:attachment":[{"href":"https:\/\/fussball.tsv-talheim.de\/index.php?rest_route=%2Fwp%2Fv2%2Fmedia&parent=2810"}],"wp:term":[{"taxonomy":"category","embeddable":true,"href":"https:\/\/fussball.tsv-talheim.de\/index.php?rest_route=%2Fwp%2Fv2%2Fcategories&post=2810"},{"taxonomy":"post_tag","embeddable":true,"href":"https:\/\/fussball.tsv-talheim.de\/index.php?rest_route=%2Fwp%2Fv2%2Ftags&post=2810"}],"curies":[{"name":"wp","href":"https:\/\/api.w.org\/{rel}","templated":true}]}}