{"id":2772,"date":"2019-09-30T10:49:23","date_gmt":"2019-09-30T08:49:23","guid":{"rendered":"https:\/\/fussball.tsv-talheim.de\/?p=2772"},"modified":"2019-09-30T10:49:24","modified_gmt":"2019-09-30T08:49:24","slug":"herren1-6-spieltag-tsv-talheim-vfl-eberstadt-60-deutlich-zu-hoher-heimsieg","status":"publish","type":"post","link":"https:\/\/fussball.tsv-talheim.de\/?p=2772","title":{"rendered":"Herren1: 6. Spieltag: TSV Talheim \u2013 VfL Eberstadt 6:0:  Deutlich zu hoher Heimsieg"},"content":{"rendered":"\n<p>In einem erwartet umk\u00e4mpften Spiel gegen eine junge und motivierte Truppe fiel die Entscheidung zu unseren Gunsten erst Mitte der zweiten Halbzeit. Davor war auch Eberstadt gut in der Partie und hatte selbst M\u00f6glichkeiten Tore zu erzielen.<\/p>\n<p>Uns war nat\u00fcrlich vor der Partie klar, dass wir es mit einem unangenehmen Gegner zu tun bekommen. Entsprechend konzentriert gingen wir in die Begegnung. Nach einem Freisto\u00df von Julian Bertsch stand Lars Michalitschke goldrichtig und versenkte den Abpraller im Eberst\u00e4dter Tor (13.). Danach verwalteten wir die F\u00fchrung und Eberstadt kam besser in die Partie. Wirklich zwingend f\u00fcr unsere Defensive waren die Abschl\u00fcsse allerdings nicht. Mit dem Halbzeitpfiff konterten wir clever und Julian Bertsch erh\u00f6hte auf die 2:0 Pausenf\u00fchrung.<\/p>\n<p>Im zweiten Durchgang kam Eberstadt nochmals druckvoller aus der Kabine. Mit einem Pfostenschuss verpassten sie den Anschlusstreffer nur knapp. Den entscheidenden Treffer zum 3:0 markierte dann Durim Leka nach sch\u00f6nem Solo und pr\u00e4zisem Abschluss ins lange Eck. Der Widerstand unserer Gegner, die bis dahin tapfer dagegenhielten, war damit gebrochen. Lars Michalitschke erh\u00f6hte nach einem Eckball auf 4:0 (79.). Julian Bertsch erzielte zehn Minuten sp\u00e4ter ebenfalls seinen zweiten Treffer am heutigen Tag (89.). Den Schlusspunkt zum 6:0 setzte dann der eingewechselte Mario Lutz in der 90. Minute.<\/p>\n<p><strong>Fazit:<\/strong> Ein verdienter Heimsieg, welcher allerdings (fairerweise) deutlich zu hoch ausf\u00e4llt. Eberstadt h\u00e4tte sich einen Ehrentreffer verdient gehabt \u2013 Moral und Einsatz haben bei unseren heutigen Gegnern absolut gestimmt. Sicherlich ist der letzte Tabellenplatz nur eine Momentaufnahme und Eberstadt wird schnell Punkte einfahren, um sich aus der Abstiegszone zu befreien. Unserer Elf reichte heute eine gute und konsequente Chancenauswertung \u2013 erneut blieben wir spielerisch unter unseren M\u00f6glichkeiten.<\/p>\n<p>Impressionen der Partie gegen den VfL Eberstadt:<\/p>\n<div id='gallery-1' class='gallery galleryid-2772 gallery-columns-3 gallery-size-medium'><figure class='gallery-item'>\n\t\t\t<div class='gallery-icon landscape'>\n\t\t\t\t<a href='https:\/\/fussball.tsv-talheim.de\/?attachment_id=2773'><img loading=\"lazy\" decoding=\"async\" width=\"300\" height=\"200\" src=\"https:\/\/fussball.tsv-talheim.de\/wp-content\/uploads\/2019\/09\/IMG_4447-300x200.jpg\" class=\"attachment-medium size-medium\" alt=\"\" srcset=\"https:\/\/fussball.tsv-talheim.de\/wp-content\/uploads\/2019\/09\/IMG_4447-300x200.jpg 300w, https:\/\/fussball.tsv-talheim.de\/wp-content\/uploads\/2019\/09\/IMG_4447-768x512.jpg 768w, https:\/\/fussball.tsv-talheim.de\/wp-content\/uploads\/2019\/09\/IMG_4447-1024x683.jpg 1024w\" sizes=\"auto, (max-width: 300px) 100vw, 300px\" \/><\/a>\n\t\t\t<\/div><\/figure><figure class='gallery-item'>\n\t\t\t<div class='gallery-icon landscape'>\n\t\t\t\t<a href='https:\/\/fussball.tsv-talheim.de\/?attachment_id=2774'><img loading=\"lazy\" decoding=\"async\" width=\"300\" height=\"184\" src=\"https:\/\/fussball.tsv-talheim.de\/wp-content\/uploads\/2019\/09\/IMG_4450-300x184.jpg\" class=\"attachment-medium size-medium\" alt=\"\" srcset=\"https:\/\/fussball.tsv-talheim.de\/wp-content\/uploads\/2019\/09\/IMG_4450-300x184.jpg 300w, https:\/\/fussball.tsv-talheim.de\/wp-content\/uploads\/2019\/09\/IMG_4450-768x471.jpg 768w, https:\/\/fussball.tsv-talheim.de\/wp-content\/uploads\/2019\/09\/IMG_4450-1024x628.jpg 1024w\" sizes=\"auto, (max-width: 300px) 100vw, 300px\" \/><\/a>\n\t\t\t<\/div><\/figure><figure class='gallery-item'>\n\t\t\t<div class='gallery-icon landscape'>\n\t\t\t\t<a href='https:\/\/fussball.tsv-talheim.de\/?attachment_id=2775'><img loading=\"lazy\" decoding=\"async\" width=\"300\" height=\"215\" src=\"https:\/\/fussball.tsv-talheim.de\/wp-content\/uploads\/2019\/09\/IMG_4468-300x215.jpg\" class=\"attachment-medium size-medium\" alt=\"\" srcset=\"https:\/\/fussball.tsv-talheim.de\/wp-content\/uploads\/2019\/09\/IMG_4468-300x215.jpg 300w, https:\/\/fussball.tsv-talheim.de\/wp-content\/uploads\/2019\/09\/IMG_4468-768x550.jpg 768w, https:\/\/fussball.tsv-talheim.de\/wp-content\/uploads\/2019\/09\/IMG_4468-1024x734.jpg 1024w\" sizes=\"auto, (max-width: 300px) 100vw, 300px\" \/><\/a>\n\t\t\t<\/div><\/figure><figure class='gallery-item'>\n\t\t\t<div class='gallery-icon landscape'>\n\t\t\t\t<a href='https:\/\/fussball.tsv-talheim.de\/?attachment_id=2776'><img loading=\"lazy\" decoding=\"async\" width=\"300\" height=\"190\" src=\"https:\/\/fussball.tsv-talheim.de\/wp-content\/uploads\/2019\/09\/IMG_4469-300x190.jpg\" class=\"attachment-medium size-medium\" alt=\"\" srcset=\"https:\/\/fussball.tsv-talheim.de\/wp-content\/uploads\/2019\/09\/IMG_4469-300x190.jpg 300w, https:\/\/fussball.tsv-talheim.de\/wp-content\/uploads\/2019\/09\/IMG_4469-768x487.jpg 768w, https:\/\/fussball.tsv-talheim.de\/wp-content\/uploads\/2019\/09\/IMG_4469-1024x649.jpg 1024w\" sizes=\"auto, (max-width: 300px) 100vw, 300px\" \/><\/a>\n\t\t\t<\/div><\/figure><figure class='gallery-item'>\n\t\t\t<div class='gallery-icon landscape'>\n\t\t\t\t<a href='https:\/\/fussball.tsv-talheim.de\/?attachment_id=2777'><img loading=\"lazy\" decoding=\"async\" width=\"300\" height=\"177\" src=\"https:\/\/fussball.tsv-talheim.de\/wp-content\/uploads\/2019\/09\/IMG_4476-300x177.jpg\" class=\"attachment-medium size-medium\" alt=\"\" srcset=\"https:\/\/fussball.tsv-talheim.de\/wp-content\/uploads\/2019\/09\/IMG_4476-300x177.jpg 300w, https:\/\/fussball.tsv-talheim.de\/wp-content\/uploads\/2019\/09\/IMG_4476-768x452.jpg 768w, https:\/\/fussball.tsv-talheim.de\/wp-content\/uploads\/2019\/09\/IMG_4476-1024x603.jpg 1024w\" sizes=\"auto, (max-width: 300px) 100vw, 300px\" \/><\/a>\n\t\t\t<\/div><\/figure><figure class='gallery-item'>\n\t\t\t<div class='gallery-icon landscape'>\n\t\t\t\t<a href='https:\/\/fussball.tsv-talheim.de\/?attachment_id=2778'><img loading=\"lazy\" decoding=\"async\" width=\"300\" height=\"186\" src=\"https:\/\/fussball.tsv-talheim.de\/wp-content\/uploads\/2019\/09\/IMG_4484-300x186.jpg\" class=\"attachment-medium size-medium\" alt=\"\" srcset=\"https:\/\/fussball.tsv-talheim.de\/wp-content\/uploads\/2019\/09\/IMG_4484-300x186.jpg 300w, https:\/\/fussball.tsv-talheim.de\/wp-content\/uploads\/2019\/09\/IMG_4484-768x476.jpg 768w, https:\/\/fussball.tsv-talheim.de\/wp-content\/uploads\/2019\/09\/IMG_4484-1024x634.jpg 1024w\" sizes=\"auto, (max-width: 300px) 100vw, 300px\" \/><\/a>\n\t\t\t<\/div><\/figure><figure class='gallery-item'>\n\t\t\t<div class='gallery-icon landscape'>\n\t\t\t\t<a href='https:\/\/fussball.tsv-talheim.de\/?attachment_id=2779'><img loading=\"lazy\" decoding=\"async\" width=\"300\" height=\"164\" src=\"https:\/\/fussball.tsv-talheim.de\/wp-content\/uploads\/2019\/09\/IMG_4493-300x164.jpg\" class=\"attachment-medium size-medium\" alt=\"\" srcset=\"https:\/\/fussball.tsv-talheim.de\/wp-content\/uploads\/2019\/09\/IMG_4493-300x164.jpg 300w, https:\/\/fussball.tsv-talheim.de\/wp-content\/uploads\/2019\/09\/IMG_4493-768x420.jpg 768w, https:\/\/fussball.tsv-talheim.de\/wp-content\/uploads\/2019\/09\/IMG_4493-1024x560.jpg 1024w\" sizes=\"auto, (max-width: 300px) 100vw, 300px\" \/><\/a>\n\t\t\t<\/div><\/figure><figure class='gallery-item'>\n\t\t\t<div class='gallery-icon landscape'>\n\t\t\t\t<a href='https:\/\/fussball.tsv-talheim.de\/?attachment_id=2780'><img loading=\"lazy\" decoding=\"async\" width=\"300\" height=\"173\" src=\"https:\/\/fussball.tsv-talheim.de\/wp-content\/uploads\/2019\/09\/IMG_4522-300x173.jpg\" class=\"attachment-medium size-medium\" alt=\"\" srcset=\"https:\/\/fussball.tsv-talheim.de\/wp-content\/uploads\/2019\/09\/IMG_4522-300x173.jpg 300w, https:\/\/fussball.tsv-talheim.de\/wp-content\/uploads\/2019\/09\/IMG_4522-768x444.jpg 768w, https:\/\/fussball.tsv-talheim.de\/wp-content\/uploads\/2019\/09\/IMG_4522-1024x591.jpg 1024w\" sizes=\"auto, (max-width: 300px) 100vw, 300px\" \/><\/a>\n\t\t\t<\/div><\/figure><figure class='gallery-item'>\n\t\t\t<div class='gallery-icon landscape'>\n\t\t\t\t<a href='https:\/\/fussball.tsv-talheim.de\/?attachment_id=2781'><img loading=\"lazy\" decoding=\"async\" width=\"300\" height=\"147\" src=\"https:\/\/fussball.tsv-talheim.de\/wp-content\/uploads\/2019\/09\/IMG_4531-300x147.jpg\" class=\"attachment-medium size-medium\" alt=\"\" srcset=\"https:\/\/fussball.tsv-talheim.de\/wp-content\/uploads\/2019\/09\/IMG_4531-300x147.jpg 300w, https:\/\/fussball.tsv-talheim.de\/wp-content\/uploads\/2019\/09\/IMG_4531-768x376.jpg 768w, https:\/\/fussball.tsv-talheim.de\/wp-content\/uploads\/2019\/09\/IMG_4531-1024x501.jpg 1024w\" sizes=\"auto, (max-width: 300px) 100vw, 300px\" \/><\/a>\n\t\t\t<\/div><\/figure><figure class='gallery-item'>\n\t\t\t<div class='gallery-icon landscape'>\n\t\t\t\t<a href='https:\/\/fussball.tsv-talheim.de\/?attachment_id=2782'><img loading=\"lazy\" decoding=\"async\" width=\"300\" height=\"200\" src=\"https:\/\/fussball.tsv-talheim.de\/wp-content\/uploads\/2019\/09\/IMG_4548-300x200.jpg\" class=\"attachment-medium size-medium\" alt=\"\" srcset=\"https:\/\/fussball.tsv-talheim.de\/wp-content\/uploads\/2019\/09\/IMG_4548-300x200.jpg 300w, https:\/\/fussball.tsv-talheim.de\/wp-content\/uploads\/2019\/09\/IMG_4548-768x512.jpg 768w, https:\/\/fussball.tsv-talheim.de\/wp-content\/uploads\/2019\/09\/IMG_4548-1024x683.jpg 1024w\" sizes=\"auto, (max-width: 300px) 100vw, 300px\" \/><\/a>\n\t\t\t<\/div><\/figure><figure class='gallery-item'>\n\t\t\t<div class='gallery-icon landscape'>\n\t\t\t\t<a href='https:\/\/fussball.tsv-talheim.de\/?attachment_id=2783'><img loading=\"lazy\" decoding=\"async\" width=\"300\" height=\"183\" src=\"https:\/\/fussball.tsv-talheim.de\/wp-content\/uploads\/2019\/09\/IMG_4556-300x183.jpg\" class=\"attachment-medium size-medium\" alt=\"\" srcset=\"https:\/\/fussball.tsv-talheim.de\/wp-content\/uploads\/2019\/09\/IMG_4556-300x183.jpg 300w, https:\/\/fussball.tsv-talheim.de\/wp-content\/uploads\/2019\/09\/IMG_4556-768x470.jpg 768w, https:\/\/fussball.tsv-talheim.de\/wp-content\/uploads\/2019\/09\/IMG_4556-1024x626.jpg 1024w\" sizes=\"auto, (max-width: 300px) 100vw, 300px\" \/><\/a>\n\t\t\t<\/div><\/figure><figure class='gallery-item'>\n\t\t\t<div class='gallery-icon landscape'>\n\t\t\t\t<a href='https:\/\/fussball.tsv-talheim.de\/?attachment_id=2784'><img loading=\"lazy\" decoding=\"async\" width=\"300\" height=\"169\" src=\"https:\/\/fussball.tsv-talheim.de\/wp-content\/uploads\/2019\/09\/IMG_4570-300x169.jpg\" class=\"attachment-medium size-medium\" alt=\"\" srcset=\"https:\/\/fussball.tsv-talheim.de\/wp-content\/uploads\/2019\/09\/IMG_4570-300x169.jpg 300w, https:\/\/fussball.tsv-talheim.de\/wp-content\/uploads\/2019\/09\/IMG_4570-768x432.jpg 768w, https:\/\/fussball.tsv-talheim.de\/wp-content\/uploads\/2019\/09\/IMG_4570-1024x576.jpg 1024w\" sizes=\"auto, (max-width: 300px) 100vw, 300px\" \/><\/a>\n\t\t\t<\/div><\/figure><figure class='gallery-item'>\n\t\t\t<div class='gallery-icon landscape'>\n\t\t\t\t<a href='https:\/\/fussball.tsv-talheim.de\/?attachment_id=2785'><img loading=\"lazy\" decoding=\"async\" width=\"300\" height=\"177\" src=\"https:\/\/fussball.tsv-talheim.de\/wp-content\/uploads\/2019\/09\/IMG_4584-300x177.jpg\" class=\"attachment-medium size-medium\" alt=\"\" srcset=\"https:\/\/fussball.tsv-talheim.de\/wp-content\/uploads\/2019\/09\/IMG_4584-300x177.jpg 300w, https:\/\/fussball.tsv-talheim.de\/wp-content\/uploads\/2019\/09\/IMG_4584-768x453.jpg 768w, https:\/\/fussball.tsv-talheim.de\/wp-content\/uploads\/2019\/09\/IMG_4584-1024x604.jpg 1024w, https:\/\/fussball.tsv-talheim.de\/wp-content\/uploads\/2019\/09\/IMG_4584.jpg 1665w\" sizes=\"auto, (max-width: 300px) 100vw, 300px\" \/><\/a>\n\t\t\t<\/div><\/figure><figure class='gallery-item'>\n\t\t\t<div class='gallery-icon landscape'>\n\t\t\t\t<a href='https:\/\/fussball.tsv-talheim.de\/?attachment_id=2786'><img loading=\"lazy\" decoding=\"async\" width=\"300\" height=\"195\" src=\"https:\/\/fussball.tsv-talheim.de\/wp-content\/uploads\/2019\/09\/IMG_4591-300x195.jpg\" class=\"attachment-medium size-medium\" alt=\"\" srcset=\"https:\/\/fussball.tsv-talheim.de\/wp-content\/uploads\/2019\/09\/IMG_4591-300x195.jpg 300w, https:\/\/fussball.tsv-talheim.de\/wp-content\/uploads\/2019\/09\/IMG_4591-768x500.jpg 768w, https:\/\/fussball.tsv-talheim.de\/wp-content\/uploads\/2019\/09\/IMG_4591-1024x667.jpg 1024w\" sizes=\"auto, (max-width: 300px) 100vw, 300px\" \/><\/a>\n\t\t\t<\/div><\/figure>\n\t\t<\/div>\n\n<p><strong>Vorschau Bezirkspokal:<\/strong> Zur zweiten Runde des Bezirkspokals begr\u00fc\u00dfen wir am Tag der deutschen Einheit am Donnerstag, 03.10. die SGM Krumme Ebene. Die Krumme Ebene (Zusammenschluss aus MSV Bachenau, SG Gundelsheim und MSG Eintracht Obereisesheim) ist in der vergangenen Saison in die Bezirksliga aufgestiegen und gilt in dieser Partie sicherlich als Favorit. F\u00fcr uns ist dies ein absolutes Bonusspiel, bevor es in der Liga zum Derby gegen Neckarwestheim kommt. Spielbeginn in Talheim ist um 15.00 Uhr.<\/p>\n<p><strong>Ausblick 7. Spieltag:<\/strong> Ein Kracher jagt den N\u00e4chsten! Am Sonntag, 06.10. steht ein absolutes Topspiel auf dem Spielplan. Wir gastieren in Neckarwestheim. Die Sportfreunde Neckarwestheim sind in dieser Saison ein absolut ernst zu nehmender Mitfavorit. In f\u00fcnf Partien sammelte Neckarwestheim drei Siege und zwei Unentschieden. Vor allem der klare Sieg gegen den TSV Erlenbach (6:3) war ein dickes Ausrufezeichen. Wir wollen in Neckarwestheim gewinnen und den Sportfreunden die erste Niederlage beibringen! Es ist Derbytime \u2013 Anpfiff ist um 15.00 Uhr.<\/p>\n<p>Unterst\u00fctzt uns bei unseren beiden kommenden Herausforderungen!<\/p>\n<p>Mit sportlichen Gr\u00fc\u00dfen<\/p>\n<p>Oliver Kreh<\/p>\n","protected":false},"excerpt":{"rendered":"<p>In einem erwartet umk\u00e4mpften Spiel gegen eine junge und motivierte Truppe fiel die Entscheidung zu unseren Gunsten erst Mitte der zweiten Halbzeit. Davor war auch Eberstadt gut in der Partie und hatte selbst M\u00f6glichkeiten Tore zu erzielen. Uns war nat\u00fcrlich<\/p>\n","protected":false},"author":7,"featured_media":2753,"comment_status":"open","ping_status":"open","sticky":false,"template":"","format":"standard","meta":{"footnotes":""},"categories":[36],"tags":[],"class_list":["post-2772","post","type-post","status-publish","format-standard","has-post-thumbnail","hentry","category-fussball"],"_links":{"self":[{"href":"https:\/\/fussball.tsv-talheim.de\/index.php?rest_route=\/wp\/v2\/posts\/2772","targetHints":{"allow":["GET"]}}],"collection":[{"href":"https:\/\/fussball.tsv-talheim.de\/index.php?rest_route=\/wp\/v2\/posts"}],"about":[{"href":"https:\/\/fussball.tsv-talheim.de\/index.php?rest_route=\/wp\/v2\/types\/post"}],"author":[{"embeddable":true,"href":"https:\/\/fussball.tsv-talheim.de\/index.php?rest_route=\/wp\/v2\/users\/7"}],"replies":[{"embeddable":true,"href":"https:\/\/fussball.tsv-talheim.de\/index.php?rest_route=%2Fwp%2Fv2%2Fcomments&post=2772"}],"version-history":[{"count":1,"href":"https:\/\/fussball.tsv-talheim.de\/index.php?rest_route=\/wp\/v2\/posts\/2772\/revisions"}],"predecessor-version":[{"id":2787,"href":"https:\/\/fussball.tsv-talheim.de\/index.php?rest_route=\/wp\/v2\/posts\/2772\/revisions\/2787"}],"wp:featuredmedia":[{"embeddable":true,"href":"https:\/\/fussball.tsv-talheim.de\/index.php?rest_route=\/wp\/v2\/media\/2753"}],"wp:attachment":[{"href":"https:\/\/fussball.tsv-talheim.de\/index.php?rest_route=%2Fwp%2Fv2%2Fmedia&parent=2772"}],"wp:term":[{"taxonomy":"category","embeddable":true,"href":"https:\/\/fussball.tsv-talheim.de\/index.php?rest_route=%2Fwp%2Fv2%2Fcategories&post=2772"},{"taxonomy":"post_tag","embeddable":true,"href":"https:\/\/fussball.tsv-talheim.de\/index.php?rest_route=%2Fwp%2Fv2%2Ftags&post=2772"}],"curies":[{"name":"wp","href":"https:\/\/api.w.org\/{rel}","templated":true}]}}