{"id":2756,"date":"2019-08-24T14:32:21","date_gmt":"2019-08-24T12:32:21","guid":{"rendered":"https:\/\/fussball.tsv-talheim.de\/?p=2756"},"modified":"2019-08-24T14:33:15","modified_gmt":"2019-08-24T12:33:15","slug":"herren12-saisonauftakt","status":"publish","type":"post","link":"https:\/\/fussball.tsv-talheim.de\/?p=2756","title":{"rendered":"Herren1+2: Saisonauftakt!"},"content":{"rendered":"\n<p>Saisonauftakt an diesem Sonntag!<\/p>\n<p>Es ist soweit \u2013 nachdem am letzten Wochenende die Bundesliga in die neue Saison gestartet ist, geht nun auch die Kreisliga in die neue Runde. Nach einem guten Start in die Vorbereitung und einem tollen Trainingslager Anfang August nahm die Trainingsbeteiligung in den vergangenen zwei Wochen leider etwas ab. Erste kleinere Blessuren und Urlaube sorgen immer wieder daf\u00fcr, dass sich das Team noch nicht ganz gefunden hat. Der Kader ist jedoch so gro\u00df um f\u00fcr den anstehenden Saisonauftakt zwei schlagkr\u00e4ftige Kader stellen zu k\u00f6nnen. Am Samstag trugen wir noch einmal ein Vorbereitungsspiel gegen den stark ersatzgeschw\u00e4chten A3-Ligisten TSV Niederhofen aus. Mit einem deutlichen 8:0 Erfolg konnten wir noch einmal kr\u00e4ftig auf Torejagd gehen.<\/p>\n<p>Spielbericht:<\/p>\n<p>TSV Talheim \u2013 TSV Niederhofen 8:0<\/p>\n<p>Tore: 3x O. Kreh, 2x L. Michalitschke, N. Kr\u00fcckhahn, M. Honisch, D. Leka<\/p>\n<p>Bereits nach einer knappen Viertelstunde waren wir mit 3:0 vorne. Die G\u00e4ste waren v\u00f6llig \u00fcberfordert. Mit teilweise sch\u00f6nen Kombinationen konnten wir uns immer wieder Torchancen erarbeiten. Wirklich gefordert wurden wir in dieser Partie nicht. Erfreulich war, dass aufgrund der Personalsituation auch Perspektivspieler die M\u00f6glichkeit bekamen, Spielpraxis zu sammeln. In regelm\u00e4\u00dfigen Abst\u00e4nden erh\u00f6hten wir bis zur Pause auf 7:0. Keeper Dennis Sausenthaler konnte sich durch einen gehaltenen Strafsto\u00df ebenfalls auszeichnen.<\/p>\n<p>Im zweiten Durchgang wurden einige Stammspieler ausgewechselt und wir waren nicht mehr ganz so zielstrebig nach vorne. Die Gegner stabilisierten die Abwehr auch etwas und so pl\u00e4tscherte das Spiel in der zweiten Halbzeit vor sich hin. Erst mit der Schlussminute erzielten wir den achten Treffer. Schlussendlich gewannen wir auch in der H\u00f6he v\u00f6llig verdient mit 8:0.<\/p>\n<p>Fazit: Wir sind ger\u00fcstet f\u00fcr die neue Saison. Der Kader ist breit genug aufgestellt und wir haben fast auf jeder Position eine ad\u00e4quate Alternative. Aktuell sind sicherlich an die 20 Mann, die f\u00fcr den Kader der ersten Mannschaft in Betracht kommen. Unser Coach Jorc Abraham hat somit die Qual der Wahl. Das bedeutet auch, dass wir unsere zweite Mannschaft immer wieder mit guten Spielern unterst\u00fctzen k\u00f6nnen und diesen ebenfalls einen guten Start in die neue Saison erm\u00f6glichen k\u00f6nnen.<\/p>\n<p>Pokal: F\u00fcr das Pokalspiel am 18.08. hatten wir ein Freilos f\u00fcr die erste Runde erhalten. Wir empfangen in der zweiten Runde am 03.10. den Bezirksligisten SGM Krumme Ebene. Anpfiff ist hier um 15.00 Uhr in Talheim. Genauere Infos und eine Vorschau zum Spiel erhalten Sie zu einem sp\u00e4teren Zeitpunkt.<\/p>\n<p>Ausblick: Am Sonntag, den 25.08. trifft unsere erste Mannschaft auf T\u00fcrkspor Neckarsulm II. Durch die Verschmelzung von T\u00fcrkspor Neckarsulm und T\u00fcrkiyemspor Obereisesheim sind wir gespannt, welche Mannschaft hier auf uns zukommt. Es w\u00e4re wichtig gleich mit einem Ausw\u00e4rtssieg in die Saison zu starten. In den vergangenen beiden Runden sind wir nur mit einem Unentschieden gestartet. Spielbeginn in Neckarsulm ist bereits um 13.15 Uhr.<\/p>\n<p>Unsere zweite Mannschaft tritt am morgigen Sonntag beim TSV Lehrensteinsfeld an. Spielbeginn ist um 15.00 Uhr. Lehrensteinsfeld belegte in der vergangenen Saison Platz 4 und ist sicherlich einer der Mitfavoriten im Kampf um die vorderen Pl\u00e4tze. Im Pokal gewann man deutlich mit 6:0 gegen den SC Ilsfeld II. F\u00fcr unsere zweite Mannschaft wird es wichtig sein, stabil zu stehen und eventuell durch Konter f\u00fcr Gefahr zu sorgen. Respekt ja &#8211; Angst nein! Unsere zweite Mannschaft ist top eingestellt f\u00fcr das erste Saisonspiel.<\/p>\n<p>Wir freuen uns auf Eure Unterst\u00fctzung.<\/p>\n<p>Mit sportlichen Gr\u00fc\u00dfen,<\/p>\n<p>Oliver Kreh<\/p>\n","protected":false},"excerpt":{"rendered":"<p>Saisonauftakt an diesem Sonntag! Es ist soweit \u2013 nachdem am letzten Wochenende die Bundesliga in die neue Saison gestartet ist, geht nun auch die Kreisliga in die neue Runde. Nach einem guten Start in die Vorbereitung und einem tollen Trainingslager<\/p>\n","protected":false},"author":7,"featured_media":2753,"comment_status":"open","ping_status":"open","sticky":false,"template":"","format":"standard","meta":{"footnotes":""},"categories":[36,16],"tags":[],"class_list":["post-2756","post","type-post","status-publish","format-standard","has-post-thumbnail","hentry","category-fussball","category-fussball-allgemein"],"_links":{"self":[{"href":"https:\/\/fussball.tsv-talheim.de\/index.php?rest_route=\/wp\/v2\/posts\/2756","targetHints":{"allow":["GET"]}}],"collection":[{"href":"https:\/\/fussball.tsv-talheim.de\/index.php?rest_route=\/wp\/v2\/posts"}],"about":[{"href":"https:\/\/fussball.tsv-talheim.de\/index.php?rest_route=\/wp\/v2\/types\/post"}],"author":[{"embeddable":true,"href":"https:\/\/fussball.tsv-talheim.de\/index.php?rest_route=\/wp\/v2\/users\/7"}],"replies":[{"embeddable":true,"href":"https:\/\/fussball.tsv-talheim.de\/index.php?rest_route=%2Fwp%2Fv2%2Fcomments&post=2756"}],"version-history":[{"count":1,"href":"https:\/\/fussball.tsv-talheim.de\/index.php?rest_route=\/wp\/v2\/posts\/2756\/revisions"}],"predecessor-version":[{"id":2757,"href":"https:\/\/fussball.tsv-talheim.de\/index.php?rest_route=\/wp\/v2\/posts\/2756\/revisions\/2757"}],"wp:featuredmedia":[{"embeddable":true,"href":"https:\/\/fussball.tsv-talheim.de\/index.php?rest_route=\/wp\/v2\/media\/2753"}],"wp:attachment":[{"href":"https:\/\/fussball.tsv-talheim.de\/index.php?rest_route=%2Fwp%2Fv2%2Fmedia&parent=2756"}],"wp:term":[{"taxonomy":"category","embeddable":true,"href":"https:\/\/fussball.tsv-talheim.de\/index.php?rest_route=%2Fwp%2Fv2%2Fcategories&post=2756"},{"taxonomy":"post_tag","embeddable":true,"href":"https:\/\/fussball.tsv-talheim.de\/index.php?rest_route=%2Fwp%2Fv2%2Ftags&post=2756"}],"curies":[{"name":"wp","href":"https:\/\/api.w.org\/{rel}","templated":true}]}}