{"id":2744,"date":"2019-08-07T18:33:00","date_gmt":"2019-08-07T16:33:00","guid":{"rendered":"https:\/\/fussball.tsv-talheim.de\/?p=2744"},"modified":"2019-08-07T18:33:02","modified_gmt":"2019-08-07T16:33:02","slug":"herren12-tolles-trainingslager-in-talheim","status":"publish","type":"post","link":"https:\/\/fussball.tsv-talheim.de\/?p=2744","title":{"rendered":"Herren1+2: Tolles Trainingslager in Talheim"},"content":{"rendered":"\n<p>Am vergangenen Wochenende absolvierte unsere Mannschaft ihr Trainingslager in Talheim. Mit einer stattlichen Anzahl von 34 Spielern und einem entsprechenden Trainerstab wurde ab Freitagabend hochkonzentriert trainiert. Von der ersten Trainingseinheit waren Spieler und Trainer fokussiert und trugen damit im Endeffekt zu einem gelungenen Trainingslager bei.<\/p>\n<p>Ein besonderes <strong>Dankesch\u00f6n<\/strong> geht an dieser Stelle an unseren sportlichen Leiter Alexander Reinhardt, der sein Haus und Garten f\u00fcr das t\u00e4gliche Fr\u00fchst\u00fcck(sbuffet) zur Verf\u00fcgung gestellt hatte. Ma\u00dfgeblich unterst\u00fctzt wurde er hierbei von unserem Sternekoch im Team Mario Lutz, der uns jeden Morgen mit frischem R\u00fchrei, gebratenem Speck, Joghurt und Obst und vielen anderen Leckereien verk\u00f6stigte. Ebenso bedanken m\u00f6chten wir uns bei der B\u00e4ckerei Stoll und dem Metzger unseres Vertrauens Edmund Rumm f\u00fcr die Organisation der recht beachtlichen Mengen an Br\u00f6tchen und Fleischk\u00e4se.<\/p>\n<p>Auch das Wetter passte an diesem Wochenende und die Pausen nach den intensiven Trainingseinheiten wurden oftmals zur Regeneration im TSV Pool verbracht. Allen Spielern, Trainern, Funktion\u00e4ren und Helfern ein gro\u00dfes Dankesch\u00f6n f\u00fcr die Organisation, den erbrachten Schwei\u00df und die konzentrierte Leistungen. Dies war mit Sicherheit das beste und (hoffentlich auch erfolgreichste) Trainingslager in der j\u00fcngeren TSV Vergangenheit.<\/p>\n<p><img loading=\"lazy\" decoding=\"async\" class=\"aligncenter size-full wp-image-2747\" src=\"https:\/\/fussball.tsv-talheim.de\/wp-content\/uploads\/2019\/08\/041dab46-9284-4240-a8c1-944817e8241f.jpg\" alt=\"\" width=\"1600\" height=\"1200\" srcset=\"https:\/\/fussball.tsv-talheim.de\/wp-content\/uploads\/2019\/08\/041dab46-9284-4240-a8c1-944817e8241f.jpg 1600w, https:\/\/fussball.tsv-talheim.de\/wp-content\/uploads\/2019\/08\/041dab46-9284-4240-a8c1-944817e8241f-300x225.jpg 300w, https:\/\/fussball.tsv-talheim.de\/wp-content\/uploads\/2019\/08\/041dab46-9284-4240-a8c1-944817e8241f-768x576.jpg 768w, https:\/\/fussball.tsv-talheim.de\/wp-content\/uploads\/2019\/08\/041dab46-9284-4240-a8c1-944817e8241f-1024x768.jpg 1024w\" sizes=\"auto, (max-width: 1600px) 100vw, 1600px\" \/><\/p>\n<p><img loading=\"lazy\" decoding=\"async\" class=\"aligncenter size-full wp-image-2746\" src=\"https:\/\/fussball.tsv-talheim.de\/wp-content\/uploads\/2019\/08\/ce28310a-1c63-41ee-bbee-725de918fb6d.jpg\" alt=\"\" width=\"747\" height=\"1328\" srcset=\"https:\/\/fussball.tsv-talheim.de\/wp-content\/uploads\/2019\/08\/ce28310a-1c63-41ee-bbee-725de918fb6d.jpg 747w, https:\/\/fussball.tsv-talheim.de\/wp-content\/uploads\/2019\/08\/ce28310a-1c63-41ee-bbee-725de918fb6d-169x300.jpg 169w, https:\/\/fussball.tsv-talheim.de\/wp-content\/uploads\/2019\/08\/ce28310a-1c63-41ee-bbee-725de918fb6d-576x1024.jpg 576w\" sizes=\"auto, (max-width: 747px) 100vw, 747px\" \/><\/p>\n<p><img loading=\"lazy\" decoding=\"async\" class=\"aligncenter size-full wp-image-2745\" src=\"https:\/\/fussball.tsv-talheim.de\/wp-content\/uploads\/2019\/08\/68361726_2615131291877553_6116531963537915904_n.jpg\" alt=\"\" width=\"960\" height=\"540\" srcset=\"https:\/\/fussball.tsv-talheim.de\/wp-content\/uploads\/2019\/08\/68361726_2615131291877553_6116531963537915904_n.jpg 960w, https:\/\/fussball.tsv-talheim.de\/wp-content\/uploads\/2019\/08\/68361726_2615131291877553_6116531963537915904_n-300x169.jpg 300w, https:\/\/fussball.tsv-talheim.de\/wp-content\/uploads\/2019\/08\/68361726_2615131291877553_6116531963537915904_n-768x432.jpg 768w\" sizes=\"auto, (max-width: 960px) 100vw, 960px\" \/><\/p>\n<p><strong>Spielberichte:<\/strong><br \/>Getestet wurde am Trainingslager-Wochenende im \u00dcbrigen ebenfalls. Am Samstag trafen wir auf den letztj\u00e4hrigen Vizemeister der Kreisliga A2, die SGM Stein\/Kochert\u00fcrn\/Neuenstadt. Offensichtlich waren die G\u00e4ste etwas ersatzgeschw\u00e4cht angereist und so kamen wir zu einem deutlichen 6:0 Erfolg. In der ersten Halbzeit konnten wir nur eine unserer Chancen im Tor unterbringen. Eduard Lehmann erzielte in der 26. Minute den F\u00fchrungstreffer. In der zweiten Halbzeit erh\u00f6hte unser aufger\u00fcckter Verteidiger Daniel G\u00fcnes mit einem starken Kopfball auf 2:0 (49.). Zwischenzeitlich verflachte das Spiel dann etwas. Mit den Einwechslungen in den letzten 20 Spielminuten erh\u00f6hten wir dann noch einmal das Tempo. Innerhalb von 14 Minuten erzielten wir vier weitere Treffer. Hierbei durfte sich Julian Bertsch doppelt in die Torsch\u00fctzenliste eintragen. Die weiteren beiden Treffer erzielten Florian Winzig und Oliver Kreh. Stellenweise spielten wir uns in einen wahren Rausch und kombinierten uns sehenswert in die gegnerische H\u00e4lfte. Die Angriffe schlossen unsere Jungs dann oft mit pr\u00e4zisen Sch\u00fcssen ab. Alles in allem war dies ein hochverdienter und klarer 6:0 Sieg.<\/p>\n<p>Am Sonntag empfingen wir die zweite Mannschaft der Sportfreunde Lauffen mit unserem ehemaligen Trainer Andreas Scholl. Am Ende trennten wir uns mit einem vers\u00f6hnlichen 2:2 Unentschieden. Zwar waren wir in den ersten 45 Minuten die spielbestimmende Mannschaft, mehr als zu einer knappen 1:0 Pausenf\u00fchrung nach einem Eigentor reichte es jedoch nicht. Auch in dieser Partie lie\u00dfen wir in einigen Situationen unsere spielerische Klasse aufblitzen. Im zweiten Durchgang ging uns etwas die Luft aus. Lauffen kam danach besser ins Spiel und konnte sich ebenfalls Torchancen herausspielen. Dennoch gelang uns durch einen tollen Abschluss von Marc Honisch der Treffer zum zwischenzeitlichen 2:0 (59.). Direkt im Gegenzug mussten wir allerdings den Anschlusstreffer der G\u00e4ste nach einem sch\u00f6nen Lupfer hinnehmen (60.). Den nicht unverdienten Ausgleich erzielten die Lauffener dann in der 88. Minute nach einer sehenswerten Einzelaktion ihres Kapit\u00e4ns. So endete die Partie nach 90 Minuten mit einem 2:2.<\/p>\n<p><strong>Fazit: <\/strong>In beiden Partien sah man erste Effekte der letzten Trainingseinheiten. Ob Standards oder Torabschl\u00fcsse \u2013 wir konnte hierbei erste Erfolge feiern. Nun gilt es den Schwung aus den intensiven Trainingseinheiten und den guten Testspielergebnissen mitzunehmen, um auch weiterhin positive Ergebnisse erreichen zu k\u00f6nnen. Nahezu alle Spieler stehen unserem Trainer Jorc Abraham zur Verf\u00fcgung. Er hat die Qual der Wahl!<\/p>\n<p><strong>Zweite Mannschaft:<\/strong> Ein gro\u00dfes Kompliment gilt auch unserer zweiten Mannschaft. Auch hier hat die komplette Mannschaft am Trainingslager teilgenommen und sich dadurch weiter einspielen k\u00f6nnen. Bis zu einem wirklich eingespielten Team muss man allerdings noch etwas Geduld aufbringen. Am Sonntag durfte auch die zweite Mannschaft ein Spiel austragen und empfing die zweite Mannschaft des Bezirksligisten SG Stetten-Kleingartach (B3). Gegen ein erfahrenes und abgezocktes G\u00e4steteam musste unsere zweite Mannschaft ein wenig Lehrgeld bezahlen und verlor am Ende mit 1:4. Dennoch haben uns als Verantwortliche die bisherigen Leistungen der zweiten Mannschaft \u00fcberzeugt und wir sind froh den Schritt mit der Meldung in der Kreisliga B1 gemacht zu haben.<\/p>\n<p><strong>Ausblick: <\/strong>Am kommenden Wochenende stehen weitere harte Vorbereitungsspiele auf dem Programm. Am Samstag, den 10.08. fordern wir den Nachbarn aus der Bezirksliga, den SC Ilsfeld. Spielbeginn in Talheim ist um 17.00 Uhr. Am Sonntag, den 11.08. sind wir dann zu Gast beim Bezirksligisten aus dem Rems-Murr-Kreis, der SG Schorndorf. Spielbeginn ist um 16.00 Uhr. Wie Sie sehen, suchen wir uns f\u00fcr die Vorbereitung keine einfachen Gegner aus. Nur wenn wir uns mit besseren Mannschaften messen, k\u00f6nnen wir uns auch verbessern!<\/p>\n<p>Unsere zweite Mannschaft bestreitet am Sonntag, den 11.08. ein Testspiel gegen die TG B\u00f6ckingen II. Spielbeginn in Talheim ist bereits um 11.00 Uhr.<\/p>\n<p>Wir w\u00fcrden uns freuen, Sie bei den anstehenden Testspielen begr\u00fc\u00dfen zu d\u00fcrfen.<\/p>\n<p><em>Da in der kommenden Woche kein Mitteilungsblatt erscheint, lesen Sie die Spielberichte erst am Ende der KW 34. Parallel halten wir Sie auf unserer Homepage und Facebookpage auf dem Laufenden.<\/em><\/p>\n<p>WICHTIGER HINWEIS ZU DEN <strong>DAUERKARTEN<\/strong>: Trotz zweier Mannschaften, die in Konkurrenz spielen, werden wir die Dauerkartenpreise nicht erh\u00f6hen. Ab diesem Wochenende bekommen Sie in gewohnter Manier Ihre personalisierte Dauerkarte bei Siegfried \u201eSigges\u201c Grasi. Wir freuen uns auf eine aufregende und hoffentlich erfolgreiche Saison f\u00fcr unseren TSV.<\/p>\n<p>Mit sportlichen Gr\u00fc\u00dfen,<\/p>\n<p>Oliver Kreh<\/p>\n","protected":false},"excerpt":{"rendered":"<p>Am vergangenen Wochenende absolvierte unsere Mannschaft ihr Trainingslager in Talheim. Mit einer stattlichen Anzahl von 34 Spielern und einem entsprechenden Trainerstab wurde ab Freitagabend hochkonzentriert trainiert. Von der ersten Trainingseinheit waren Spieler und Trainer fokussiert und trugen damit im Endeffekt<\/p>\n","protected":false},"author":7,"featured_media":0,"comment_status":"open","ping_status":"open","sticky":false,"template":"","format":"standard","meta":{"footnotes":""},"categories":[36,16],"tags":[],"class_list":["post-2744","post","type-post","status-publish","format-standard","hentry","category-fussball","category-fussball-allgemein"],"_links":{"self":[{"href":"https:\/\/fussball.tsv-talheim.de\/index.php?rest_route=\/wp\/v2\/posts\/2744","targetHints":{"allow":["GET"]}}],"collection":[{"href":"https:\/\/fussball.tsv-talheim.de\/index.php?rest_route=\/wp\/v2\/posts"}],"about":[{"href":"https:\/\/fussball.tsv-talheim.de\/index.php?rest_route=\/wp\/v2\/types\/post"}],"author":[{"embeddable":true,"href":"https:\/\/fussball.tsv-talheim.de\/index.php?rest_route=\/wp\/v2\/users\/7"}],"replies":[{"embeddable":true,"href":"https:\/\/fussball.tsv-talheim.de\/index.php?rest_route=%2Fwp%2Fv2%2Fcomments&post=2744"}],"version-history":[{"count":1,"href":"https:\/\/fussball.tsv-talheim.de\/index.php?rest_route=\/wp\/v2\/posts\/2744\/revisions"}],"predecessor-version":[{"id":2748,"href":"https:\/\/fussball.tsv-talheim.de\/index.php?rest_route=\/wp\/v2\/posts\/2744\/revisions\/2748"}],"wp:attachment":[{"href":"https:\/\/fussball.tsv-talheim.de\/index.php?rest_route=%2Fwp%2Fv2%2Fmedia&parent=2744"}],"wp:term":[{"taxonomy":"category","embeddable":true,"href":"https:\/\/fussball.tsv-talheim.de\/index.php?rest_route=%2Fwp%2Fv2%2Fcategories&post=2744"},{"taxonomy":"post_tag","embeddable":true,"href":"https:\/\/fussball.tsv-talheim.de\/index.php?rest_route=%2Fwp%2Fv2%2Ftags&post=2744"}],"curies":[{"name":"wp","href":"https:\/\/api.w.org\/{rel}","templated":true}]}}