{"id":2731,"date":"2019-06-03T20:02:16","date_gmt":"2019-06-03T18:02:16","guid":{"rendered":"https:\/\/fussball.tsv-talheim.de\/?p=2731"},"modified":"2019-06-03T20:03:04","modified_gmt":"2019-06-03T18:03:04","slug":"herren-29-spieltag-tsv-talheim-tuerkiyemspor-obereisesheim-41-heimsieg-zum-saisonabschluss","status":"publish","type":"post","link":"https:\/\/fussball.tsv-talheim.de\/?p=2731","title":{"rendered":"Herren1: 29. Spieltag: TSV Talheim \u2013 T\u00fcrkiyemspor Obereisesheim 4:1: Heimsieg zum Saisonabschluss"},"content":{"rendered":"\n<p>Zu unserem letzten Spiel war der Tabellenzw\u00f6lfte zu Gast bei uns. Wir\n trafen auf eine recht motivierte Mannschaft, da sich unsere Gegner noch\n im Kampf um den Relegationsplatz befinden. Bei hochsommerlichen \nTemperaturen entwickelte sich ein offener Schlagabtausch. In dieser \nPartie hatten wir schlichtweg mehr Gl\u00fcck und Kaltschn\u00e4uzigkeit im \nAbschluss und gewannen klar mit 4:1.<\/p>\n\n\n\n<p>Bereits mit dem ersten Abschluss konnten wir in F\u00fchrung gehen. Nach\n einem langen Freisto\u00df von Jochen Sugg stand Oliver Kreh goldrichtig und\n k\u00f6pfte in der 9. Minute zur fr\u00fchen F\u00fchrung ein. Danach kamen die G\u00e4ste \nbesser in die Partie und hatten ebenfalls Chancen. Wir taten uns trotz \nder F\u00fchrung schwer und schafften es nicht die B\u00e4lle in der Offensive \nfest zu machen und so f\u00fcr Entlastung zu sorgen. Das Spiel pl\u00e4tscherte \nvor sich hin. Nach einem guten Angriff unmittelbar vor der Halbzeit \nerzielte Florian Winzig das 2:0.<\/p>\n\n\n\n<p>Kurz nach Wiederanpfiff schien unsere Mannschaft noch nicht ganz \nauf der H\u00f6he zu sein und wirkte unsortiert. Die G\u00e4ste kamen in der 46. \nMinute zum Anschlusstreffer. Wenige Minuten sp\u00e4ter stellte Oliver Kreh \nwieder auf den Zwei-Tore-Vorsprung. Nach einem strammen Weitschuss hatte\n der G\u00e4stekeeper das Nachsehen. Auch im zweiten Durchgang ging es hin \nund her und beide Teams h\u00e4tten noch mehr Tore erzielen m\u00fcssen. Wir \nlie\u00dfen beste Konterchancen ungenutzt und lie\u00dfen den Gegnern unn\u00f6tig \nHoffnung. Durim Leka erh\u00f6hte in der 73. Minute nach einem gut \nvorgetragenen Konter auf 4:1. Nach einem Handspiel auf der Torlinie von \neinem Verteidiger bekamen wir kurz vor Schluss noch einen Elfmeter \nzugesprochen, den wir leider nicht verwandeln konnten. So blieb es am \nEnde bei einem klaren 4:1 Heimsieg und einem vers\u00f6hnlichen Ende einer \ndurchwachsenen Saison.<\/p>\n\n\n\n<p>Fazit: Nach recht m\u00e4\u00dfigen Ergebnissen in den vergangenen Wochen \nbeenden wir die Saison mit 55 Punkten und einem Torverh\u00e4ltnis von 72:37 \nauf Rang 4. Das selbstgesteckte Ziel Platz 1 oder Platz 2 haben wir \ndaher nicht geschafft und m\u00fcssen diese Saison intern aufarbeiten, um \ngest\u00e4rkt und mit neuer Motivation in die kommende Saison zu gehen.<\/p>\n\n\n\n<p>Reserve: Auch unsere Reserve konnte die Saison mit einem \nErfolgserlebnis beenden. Im Spiel gegen die Reserve von T\u00fcrkiyemspor \nObereisesheim gewann man verdient mit 5:0. Die Torsch\u00fctzen waren: \nBenjamin Bitterlich (2x), Max Stapf, Mario Lutz und Elfmeterlegende \nDaniel \u201eGattuso\u201c Zorzit. Mit diesem Sieg wahrt unsere Reserve die \nM\u00f6glichkeit auf den zweiten Tabellenplatz. Mit etwas Gl\u00fcck kann dieser \nnoch verteidigt werden. Sollte allerdings S\u00fclzbach II gewinnen, w\u00fcrde \nunsere zweite Mannschaft auf Rang 3 zur\u00fcckfallen. Dennoch hat sich die \nReserve in diesem Jahr nochmals weiterentwickelt und konnte bis \nunmittelbar vor Schluss den Kampf um die Reserve-Meisterschaft offen \ngestalten.<\/p>\n\n\n\n<p>Ein gro\u00dfes Dankesch\u00f6n geht auch in diesem Jahr an unsere \nzahlreichen Zuschauer, Fans, G\u00f6nner und Sponsoren, die uns vorbildlich \nunterst\u00fctzt haben, auch wenn es nicht immer ganz einfach mit uns war. \nIhr habt tolle Arbeit geleistet und wir w\u00fcrden uns freuen, wenn Ihr uns \nauch im kommenden Jahr unterst\u00fctzen w\u00fcrdet!<\/p>\n\n\n\n<p>Ausblick: Nun hei\u00dft es erst einmal F\u00fc\u00dfe hochlegen und auskurieren. \nUnser Team verabschiedet sich in die Sommerpause und wird erst Mitte \nJuli wieder in die Vorbereitung auf die Saison 2019 \/ 2020 starten. Wer \ndennoch nicht genug von uns haben kann, darf gerne beim diesj\u00e4hrigen \nGassenfescht am 13. und 14. Juli an unserem Stand vorbeikommen.<\/p>\n\n\n\n<p>Vorank\u00fcndigung Saisonabschluss: Am Samstag, den 08.06. wollen wir \ngemeinsam als Team die Saison ausklingen lassen. Zu diesem Anlass werden\n wir im Kreise der Mannschaft ein Abschlussfest machen.<br> Mein Appell \nrichtet sich an die Anwohner am Sportplatz: Sollten wir etwas zu laut \nsein, so kommen Sie gerne auf uns \/ mich zu und wir drehen die Musik \netwas leiser, um Sie nicht zu st\u00f6ren. Wir hoffen auf Ihr Verst\u00e4ndnis.<\/p>\n\n\n\n<p>Mit sportlichen Gr\u00fc\u00dfen,<\/p>\n\n\n\n<p>Oliver Kreh<\/p>\n","protected":false},"excerpt":{"rendered":"<p>Zu unserem letzten Spiel war der Tabellenzw\u00f6lfte zu Gast bei uns. Wir trafen auf eine recht motivierte Mannschaft, da sich unsere Gegner noch im Kampf um den Relegationsplatz befinden. Bei hochsommerlichen Temperaturen entwickelte sich ein offener Schlagabtausch. In dieser Partie<\/p>\n","protected":false},"author":7,"featured_media":0,"comment_status":"open","ping_status":"open","sticky":false,"template":"","format":"standard","meta":{"footnotes":""},"categories":[36,16],"tags":[],"class_list":["post-2731","post","type-post","status-publish","format-standard","hentry","category-fussball","category-fussball-allgemein"],"_links":{"self":[{"href":"https:\/\/fussball.tsv-talheim.de\/index.php?rest_route=\/wp\/v2\/posts\/2731","targetHints":{"allow":["GET"]}}],"collection":[{"href":"https:\/\/fussball.tsv-talheim.de\/index.php?rest_route=\/wp\/v2\/posts"}],"about":[{"href":"https:\/\/fussball.tsv-talheim.de\/index.php?rest_route=\/wp\/v2\/types\/post"}],"author":[{"embeddable":true,"href":"https:\/\/fussball.tsv-talheim.de\/index.php?rest_route=\/wp\/v2\/users\/7"}],"replies":[{"embeddable":true,"href":"https:\/\/fussball.tsv-talheim.de\/index.php?rest_route=%2Fwp%2Fv2%2Fcomments&post=2731"}],"version-history":[{"count":2,"href":"https:\/\/fussball.tsv-talheim.de\/index.php?rest_route=\/wp\/v2\/posts\/2731\/revisions"}],"predecessor-version":[{"id":2733,"href":"https:\/\/fussball.tsv-talheim.de\/index.php?rest_route=\/wp\/v2\/posts\/2731\/revisions\/2733"}],"wp:attachment":[{"href":"https:\/\/fussball.tsv-talheim.de\/index.php?rest_route=%2Fwp%2Fv2%2Fmedia&parent=2731"}],"wp:term":[{"taxonomy":"category","embeddable":true,"href":"https:\/\/fussball.tsv-talheim.de\/index.php?rest_route=%2Fwp%2Fv2%2Fcategories&post=2731"},{"taxonomy":"post_tag","embeddable":true,"href":"https:\/\/fussball.tsv-talheim.de\/index.php?rest_route=%2Fwp%2Fv2%2Ftags&post=2731"}],"curies":[{"name":"wp","href":"https:\/\/api.w.org\/{rel}","templated":true}]}}